{"id":4187,"__str__":"Reda\u00e7\u00e3o Final - Reda\u00e7\u00e3o e Emenda de 24/06/2014 por Luiz Pereira","metadata":{},"nome":"Reda\u00e7\u00e3o e Emenda","data":"2014-06-24","autor":"Luiz Pereira","ementa":"","indexacao":"","arquivo":"http://sapl.cmm.pr.gov.br/media/sapl/public/documentoacessorio/2014/4187/4187.pdf","data_ultima_atualizacao":"2022-10-06T11:40:41.116377-03:00","materia":13044,"tipo":5}