{"id":4191,"__str__":"Reda\u00e7\u00e3o Final - Reda\u00e7\u00e3o e Emenda de 03/07/2014 por M\u00e1rio Verri","metadata":{},"nome":"Reda\u00e7\u00e3o e Emenda","data":"2014-07-03","autor":"M\u00e1rio Verri","ementa":"","indexacao":"","arquivo":"http://sapl.cmm.pr.gov.br/media/sapl/public/documentoacessorio/2014/4191/4191.pdf","data_ultima_atualizacao":"2022-10-06T11:40:41.139679-03:00","materia":14153,"tipo":5}