{"id":7684,"__str__":"Resposta \u00e0 proposi\u00e7\u00e3o - Proposi\u00e7\u00e3o respondida de 02/09/2015 por Poder Executivo","metadata":{},"nome":"Proposi\u00e7\u00e3o respondida","data":"2015-09-02","autor":"Poder Executivo","ementa":"                    \r\n                ","indexacao":"","arquivo":"http://sapl.cmm.pr.gov.br/media/sapl/public/documentoacessorio/2014/7684/7684.pdf","data_ultima_atualizacao":"2022-10-06T11:41:00.213576-03:00","materia":17443,"tipo":14}