{"id":13036,"__str__":"Indica\u00e7\u00e3o n\u00ba 954 de 2014","metadata":{},"numero":954,"ano":2014,"numero_protocolo":null,"data_apresentacao":"2014-03-12","tipo_apresentacao":"","data_publicacao":null,"numero_origem_externa":"","ano_origem_externa":null,"data_origem_externa":null,"apelido":"","dias_prazo":null,"data_fim_prazo":null,"em_tramitacao":true,"polemica":null,"objeto":"","complementar":null,"ementa":"SUGERE AO PREFEITO MUNICIPAL QUE DETERMINE O REBAIXAMENTO DO MEIO-FIO E A POSTERIOR IMPLANTA\u00c7\u00c3O DE RAMPA PARA ACESSO DE PESSOAS COM DEFICI\u00caNCIA F\u00cdSICA NA FAIXA DE PASSEIO P\u00daBLICO E NO CANTEIRO CENTRAL EXISTENTES NA AVENIDA MANDACARU, NO CRUZAMENTO COM A AVENIDA PIONEIRO ALICIO ARANTES CAMPOLINA, NA VILA ESPERAN\u00c7A.","indexacao":"","observacao":"","resultado":"","texto_original":"http://sapl.cmm.pr.gov.br/media/sapl/public/materialegislativa/2014/13036/13036_texto_integral.pdf","data_ultima_atualizacao":"2022-10-06T11:35:32.353461-03:00","ip":"","ultima_edicao":null,"tipo":8,"regime_tramitacao":1,"tipo_origem_externa":null,"local_origem_externa":null,"user":null,"anexadas":[],"autores":[78]}