{"id":13861,"__str__":"Requerimento n\u00ba 2596 de 2014","metadata":{},"numero":2596,"ano":2014,"numero_protocolo":null,"data_apresentacao":"2014-05-05","tipo_apresentacao":"E","data_publicacao":null,"numero_origem_externa":"","ano_origem_externa":null,"data_origem_externa":null,"apelido":"","dias_prazo":null,"data_fim_prazo":null,"em_tramitacao":true,"polemica":false,"objeto":"","complementar":false,"ementa":"SOLICITA AO PREFEITO MUNICIPAL, QUE INFORME OU ENVIE A ESTA CASA DE LEIS, PARA FINS DE ESCLARECIMENTO P\u00daBLICO, RELATIVAMENTE \u00c0S OBRAS DE REURBANIZA\u00c7\u00c3O DO PARQUE ALFREDO WERNER NYFFELER, O QUANTO SEGUE:\r\n\r\n\t1 &#8211; QUAL FOI O MONTANTE DE RECURSOS MUNICIPAIS INVESTIDOS NO LOCAL;\r\n\r\n\t2 &#8211; QUAL FOI O VALOR INVESTIDO PELA INICIATIVA PRIVADA NAS REFERIDAS OBRAS;\r\n\r\n\t3 &#8211; QUAL \u00c9 A JUSTIFICATIVA PARA O MUNIC\u00cdPIO TER FIRMADO PARCERIA COM A INICIATIVA PRIVADA PARA A EXECU\u00c7\u00c3O DAS OBRAS EM QUEST\u00c3O;\r\n\r\n\t4 &#8211; SE AS OBRAS DE REURBANIZA\u00c7\u00c3O DO REFERIDO PARQUE FORAM CONCLU\u00cdDAS DE ACORDO COM A PREVIS\u00c3O INICIAL, E, EM CASO NEGATIVO, DECLINE O QUE N\u00c3O FOI ENTREGUE NA DATA DE 04/04/2014;\r\n\r\n\t5 &#8211; RELAT\u00d3RIO CONTENDO O DETALHAMENTO DAS OBRAS.\r\n","indexacao":"","observacao":"","resultado":"","texto_original":"http://sapl.cmm.pr.gov.br/media/sapl/public/materialegislativa/2014/13861/13861_texto_integral.pdf","data_ultima_atualizacao":"2022-10-06T11:35:36.850492-03:00","ip":"","ultima_edicao":null,"tipo":3,"regime_tramitacao":1,"tipo_origem_externa":null,"local_origem_externa":null,"user":null,"anexadas":[],"autores":[74]}