{"id":14035,"__str__":"Indica\u00e7\u00e3o n\u00ba 2840 de 2014","link_detail_backend":"/materia/14035","metadata":{},"numero":2840,"ano":2014,"numero_protocolo":null,"data_apresentacao":"2014-06-06","tipo_apresentacao":"E","data_publicacao":null,"numero_origem_externa":"","ano_origem_externa":null,"data_origem_externa":null,"apelido":"","dias_prazo":null,"data_fim_prazo":null,"em_tramitacao":true,"polemica":false,"objeto":"","complementar":false,"ementa":"SUGERE AO PREFEITO MUNICIPAL QUE DETERMINE A EXECU\u00c7\u00c3O DE &#8220;REPERFILAGEM&#8221; OU OPERA\u00c7\u00c3O &#8220;TAPA-BURACO&#8221; NA AVENIDA OS\u00cdRES STENGHEL GUIMAR\u00c3ES, NO TRECHO COMPREENDIDO ENTRE AS AVENIDAS DOS PALMARES E MAJOR ABELARDO JOS\u00c9 DA CRUZ (CONTORNO NORTE), NO JARDIM LIBERDADE I.","indexacao":"","observacao":"","resultado":"","texto_original":"http://sapl.cmm.pr.gov.br/media/sapl/public/materialegislativa/2014/14035/14035_texto_integral.pdf","data_ultima_atualizacao":"2022-10-06T11:35:37.781040-03:00","ip":"","ultima_edicao":null,"tipo":8,"regime_tramitacao":1,"tipo_origem_externa":null,"local_origem_externa":null,"user":null,"anexadas":[],"autores":[8]}