{"id":14389,"__str__":"Portaria n\u00ba 96 de 2014","metadata":{},"numero":96,"ano":2014,"numero_protocolo":null,"data_apresentacao":"2014-07-14","tipo_apresentacao":"E","data_publicacao":null,"numero_origem_externa":"","ano_origem_externa":null,"data_origem_externa":null,"apelido":"","dias_prazo":null,"data_fim_prazo":null,"em_tramitacao":true,"polemica":false,"objeto":"","complementar":false,"ementa":"I - NOMEAR OS SERVIDORES ABAIXO RELACIONADOS PARA COMPOREM A COMISS\u00c3O DA C\u00c2MARA ECOEFICIENTE, COM A FINALIDADE DE COORDENAR E IMPLANTAR O SISTEMA DE GEST\u00c3O AMBIENTAL NESTA CASA DE LEIS, SOB A PRESID\u00caNCIA DA PRIMEIRA, SEM PREJU\u00cdZO DE SUAS ATRIBUI\u00c7\u00d5ES NORMAIS, A PARTIR DE 09/06/2014:\r\n           ADRIANA FERNANDES ORFRINI ASSI;\r\n           ALEXANDRE HEINRICH WIEMBECK;\r\n           ELIANDRE BORGES;\r\n           CARMEN REGINA NUNES DA SILVA.\r\nII - REVOGAR AS PORTARIAS N. 294 E 295/2014.","indexacao":"","observacao":"","resultado":"","texto_original":"http://sapl.cmm.pr.gov.br/media/sapl/public/materialegislativa/2014/14389/14389_texto_integral.pdf","data_ultima_atualizacao":"2022-10-06T11:35:39.772919-03:00","ip":"","ultima_edicao":null,"tipo":12,"regime_tramitacao":1,"tipo_origem_externa":null,"local_origem_externa":null,"user":null,"anexadas":[],"autores":[56]}