{"id":14414,"__str__":"Requerimento n\u00ba 3964 de 2014","metadata":{},"numero":3964,"ano":2014,"numero_protocolo":null,"data_apresentacao":"2014-07-10","tipo_apresentacao":"E","data_publicacao":null,"numero_origem_externa":"","ano_origem_externa":null,"data_origem_externa":null,"apelido":"","dias_prazo":null,"data_fim_prazo":null,"em_tramitacao":true,"polemica":false,"objeto":"","complementar":false,"ementa":"REQUEREM SO PREFEITO MUNICIPAL QUE INFORME A ESTA CASA DE LEIS, PARA FINS DE ESCLARECIMENTO P\u00daBLICO, RELATIVAMENTE \u00c0S PISCINAS P\u00daBLICAS EXISTENTES NO MUNIC\u00cdPIO DE MARING\u00c1, O QUANTO SEGUE:\r\n\r\n\t1 &#8211; SE H\u00c1 PREVIS\u00c3O PARA A REFORMA E A IMPLANTA\u00c7\u00c3O DE SISTEMA DE AQUECIMENTO NAS PISCINAS EXISTENTES NOS CENTROS ESPORTIVOS MUNICIPAIS;\r\n\r\n\t 2 &#8211; SE H\u00c1 PREVIS\u00c3O PARA A CONCLUS\u00c3O DO PROJETO DE REVITALIZA\u00c7\u00c3O DA PISCINA EXISTENTE NA VILA OL\u00cdMPICA, COM A IMPLANTA\u00c7\u00c3O DE SISTEMA DE AQUECIMENTO NA REFERIDA PISCINA E A CONSTRU\u00c7\u00c3O DE VESTI\u00c1RIOS PARA UTILIZA\u00c7\u00c3O DOS ATLETAS;\r\n\r\n\t3 &#8211; QUAL CRONOGRAMA SER\u00c1 ADOTADO PELA ADMINISTRA\u00c7\u00c3O MUNICIPAL PARA A EXECU\u00c7\u00c3O DOS BENEF\u00cdCIOS MENCIONADOS.\r\n\r\n\tDESTACA-SE QUE A FALTA DE SISTEMA DE AQUECIMENTO NAS PISCINAS P\u00daBLICAS DO MUNIC\u00cdPIO IMPEDE A UTILIZA\u00c7\u00c3O DAS MESMAS NO PER\u00cdODO DO ANO EM QUE AS TEMPERATURAS M\u00c9DIAS REGISTRADAS S\u00c3O MAIS BAIXAS, ESPECIALMENTE ENTRE OS MESES DE MAIO E AGOSTO. DESSA FEITA, EXCETUANDO-SE O PER\u00cdODO DE F\u00c9RIAS ESCOLARES, RESTAM APENAS SEIS MESES H\u00c1BEIS A PR\u00c1TICA DA NATA\u00c7\u00c3O NAS PISCINAS EM QUEST\u00c3O.\r\n\r\n\tTAL PANORAMA N\u00c3O CONTRIBUI PARA O DESENVOLVIMENTO DO ESPORTE EM MARING\u00c1, IMPEDINDO QUE O MUNIC\u00cdPIO SEDIE AS PRINCIPAIS COMPETI\u00c7\u00d5ES QUE ENVOLVEM A MODALIDADE, TANTO AS ESTADUAIS QUANTO AS NACIONAIS.\r\n\r\n\tADEMAIS, A NATA\u00c7\u00c3O \u00c9 O SEGUNDO ESPORTE MAIS PRATICADO NO MUNIC\u00cdPIO, FATO QUE REFOR\u00c7A A NECESSIDADE DE UMA ATEN\u00c7\u00c3O MAIOR DOS PODERES P\u00daBLICOS PARA COM O ESPORTE. \r\n","indexacao":"","observacao":"","resultado":"","texto_original":"http://sapl.cmm.pr.gov.br/media/sapl/public/materialegislativa/2014/14414/14414_texto_integral.pdf","data_ultima_atualizacao":"2022-10-06T11:35:39.939734-03:00","ip":"","ultima_edicao":null,"tipo":3,"regime_tramitacao":2,"tipo_origem_externa":null,"local_origem_externa":null,"user":null,"anexadas":[],"autores":[73,6,74,81,8,14,64,19,76,77,78,27,23,75,39,86]}