{"id":14509,"__str__":"Indica\u00e7\u00e3o n\u00ba 3537 de 2014","metadata":{},"numero":3537,"ano":2014,"numero_protocolo":null,"data_apresentacao":"2014-08-01","tipo_apresentacao":"E","data_publicacao":null,"numero_origem_externa":"","ano_origem_externa":null,"data_origem_externa":null,"apelido":"","dias_prazo":null,"data_fim_prazo":null,"em_tramitacao":true,"polemica":false,"objeto":"","complementar":false,"ementa":"SUGERE AO PREFEITO MUNICIPAL QUE DETERMINE A REVITALIZA\u00c7\u00c3O DAS SINALIZA\u00c7\u00d5ES HORIZONTAIS DE TR\u00c2NSITO QUE INDICAM FAIXA DE SEGURAN\u00c7A PARA PEDESTRES NA RUA SANT&#8217;ANA, NO TRECHO COMPREENDIDO ENTRE A AVENIDA COLOMBO E A RUA DO SEMIN\u00c1RIO, NA ZONA 06.","indexacao":"","observacao":"","resultado":"","texto_original":"http://sapl.cmm.pr.gov.br/media/sapl/public/materialegislativa/2014/14509/14509_texto_integral.pdf","data_ultima_atualizacao":"2022-10-06T11:35:40.518692-03:00","ip":"","ultima_edicao":null,"tipo":8,"regime_tramitacao":1,"tipo_origem_externa":null,"local_origem_externa":null,"user":null,"anexadas":[],"autores":[77]}