{"id":14857,"__str__":"Requerimento n\u00ba 446 de 2014","metadata":{},"numero":446,"ano":2014,"numero_protocolo":null,"data_apresentacao":"2014-09-15","tipo_apresentacao":"E","data_publicacao":null,"numero_origem_externa":"","ano_origem_externa":null,"data_origem_externa":null,"apelido":"","dias_prazo":null,"data_fim_prazo":null,"em_tramitacao":true,"polemica":false,"objeto":"","complementar":false,"ementa":"SOLICITA AO PREFEITO MUNICIPAL, QUE INFORME A ESTA CASA DE LEIS, PARA FINS DE ESCLARECIMENTO P\u00daBLICO, RELATIVAMENTE AO N\u00daCLEO DE APOIO \u00c0 SA\u00daDE DA FAM\u00cdLIA &#8211; NASF, O QUANTO SEGUE:\r\n\r\n1 &#8211; QUAL \u00c9 O N\u00daMERO DE SERVIDORES QUE LABORAM NO REFERIDO LOCAL;\r\n\r\n2 &#8211; QUAL \u00c9 A DISTRIBUI\u00c7\u00c3O DOS SERVIDORES DO N\u00daCLEO DE APOIO \u00c0 SA\u00daDE DA FAM\u00cdLIA NOS SETORES DO REFERIDO \u00d3RG\u00c3O, DECLINANDO EM QUAIS SETORES EST\u00c3O LOTADOS CADA UM DOS REFERIDOS SERVIDORES;\r\n\r\n3 &#8211; QUAL \u00c9 O TURNO DE TRABALHO DESEMPENHADO POR CADA UM DOS SERVIDORES DO NASF;\r\n\r\n4 &#8211; QUAL \u00c9 O HOR\u00c1RIO DE ATENDIMENTO DO NASF.","indexacao":"","observacao":"","resultado":"","texto_original":"http://sapl.cmm.pr.gov.br/media/sapl/public/materialegislativa/2014/14857/14857_texto_integral.pdf","data_ultima_atualizacao":"2022-10-06T11:35:42.712430-03:00","ip":"","ultima_edicao":null,"tipo":3,"regime_tramitacao":1,"tipo_origem_externa":null,"local_origem_externa":null,"user":null,"anexadas":[],"autores":[27]}