{"id":14913,"__str__":"Requerimento n\u00ba 4990 de 2014","metadata":{},"numero":4990,"ano":2014,"numero_protocolo":null,"data_apresentacao":"2014-09-20","tipo_apresentacao":"E","data_publicacao":null,"numero_origem_externa":"","ano_origem_externa":null,"data_origem_externa":null,"apelido":"","dias_prazo":null,"data_fim_prazo":null,"em_tramitacao":true,"polemica":false,"objeto":"","complementar":false,"ementa":"SOLITITA AO PREFEITO MUNICIPAL, QUE INFORME A ESTA CASA DE LEIS, PARA FINS DE ESCLARECIMENTO P\u00daBLICO, SE H\u00c1 PREVIS\u00c3O PARA A CRIA\u00c7\u00c3O DO CARGO DE COORDENADOR DOS CENTROS DE REFER\u00caNCIA DE ASSIST\u00caNCIA SOCIAL &#8211; CRAS, DE FORMA QUE CADA UM DOS REFERIDOS CENTROS DISPONHA DE UM COORDENADOR, ASSEGURANDO SUPORTE T\u00c9CNICO PARA A GEST\u00c3O DOS REFERIDOS PROFISSIONAIS, E, EM CASO NEGATIVO, DECLINE OS MOTIVOS.","indexacao":"","observacao":"","resultado":"","texto_original":"http://sapl.cmm.pr.gov.br/media/sapl/public/materialegislativa/2014/14913/14913_texto_integral.pdf","data_ultima_atualizacao":"2022-10-06T11:35:43.210107-03:00","ip":"","ultima_edicao":null,"tipo":3,"regime_tramitacao":1,"tipo_origem_externa":null,"local_origem_externa":null,"user":null,"anexadas":[],"autores":[74]}