{"id":15128,"__str__":"Requerimento n\u00ba 747 de 2014","metadata":{},"numero":747,"ano":2014,"numero_protocolo":null,"data_apresentacao":"2014-10-14","tipo_apresentacao":"E","data_publicacao":null,"numero_origem_externa":"","ano_origem_externa":null,"data_origem_externa":null,"apelido":"","dias_prazo":null,"data_fim_prazo":null,"em_tramitacao":false,"polemica":false,"objeto":"","complementar":false,"ementa":"SOLICITA AO PREFEITO MUNICIPAL, QUE INFORME A ESTA CASA DE LEIS, PARA FINS DE ESCLARECIMENTO P\u00daBLICO, POR QUAIS RAZ\u00d5ES A COLETA SELETIVA DO LIXO, NAS VIAS P\u00daBLICAS DO JARDIM PARIS III, N\u00c3O TEM OCORRIDO COM A FREQU\u00caNCIA NORMAL, BEM COMO SE H\u00c1 PREVIS\u00c3O PARA A REGULARIZA\u00c7\u00c3O DA COLETA SELETIVA DO LIXO NAS VIAS P\u00daBLICAS DO REFERIDO BAIRRO, E, EM CASO POSITIVO, DECLINE A DATA PREVISTA PARA ESSA FINALIDADE.","indexacao":"","observacao":"","resultado":"","texto_original":"http://sapl.cmm.pr.gov.br/media/sapl/public/materialegislativa/2014/15128/15128_texto_integral.pdf","data_ultima_atualizacao":"2022-10-06T11:35:44.757872-03:00","ip":"","ultima_edicao":null,"tipo":3,"regime_tramitacao":1,"tipo_origem_externa":null,"local_origem_externa":null,"user":null,"anexadas":[],"autores":[39]}