{"id":15241,"__str__":"Indica\u00e7\u00e3o n\u00ba 50202 de 2014","metadata":{},"numero":50202,"ano":2014,"numero_protocolo":null,"data_apresentacao":"2014-10-27","tipo_apresentacao":"E","data_publicacao":null,"numero_origem_externa":"","ano_origem_externa":null,"data_origem_externa":null,"apelido":"","dias_prazo":null,"data_fim_prazo":null,"em_tramitacao":false,"polemica":false,"objeto":"","complementar":false,"ementa":"INDICA AO PREFEITO MUNICIPAL, QUE DETERMINE A REVITALIZA\u00c7\u00c3O DA PRA\u00c7A LOCALIZADA NA AVENIDA OS\u00cdRIS STENGHEL GUIMAR\u00c3ES, ESQUINA COM A RUA FRANCISCO BULLA, NO JARDIM LIBERDADE, INCLUINDO A TROCA DA AREIA EXISTENTE NO PARQUE INFANTIL DA REFERIDA PRA\u00c7A, A IMPLANTA\u00c7\u00c3O DE PLACAS CONTENDO A PROIBI\u00c7\u00c3O PARA ENTRADA DE ANIMAIS E A REFORMA DO CAL\u00c7AMENTO DA PRA\u00c7A EM QUEST\u00c3O.","indexacao":"","observacao":"","resultado":"","texto_original":"http://sapl.cmm.pr.gov.br/media/sapl/public/materialegislativa/2014/15241/15241_texto_integral.pdf","data_ultima_atualizacao":"2022-10-06T11:35:45.462971-03:00","ip":"","ultima_edicao":null,"tipo":8,"regime_tramitacao":1,"tipo_origem_externa":null,"local_origem_externa":null,"user":null,"anexadas":[],"autores":[39]}