{"id":15417,"__str__":"Requerimento n\u00ba 2042 de 2014","metadata":{},"numero":2042,"ano":2014,"numero_protocolo":null,"data_apresentacao":"2014-11-24","tipo_apresentacao":"E","data_publicacao":null,"numero_origem_externa":"","ano_origem_externa":null,"data_origem_externa":null,"apelido":"","dias_prazo":null,"data_fim_prazo":null,"em_tramitacao":false,"polemica":false,"objeto":"","complementar":false,"ementa":"SOLICITA AO PREFEITO MUNICIPAL, QUE INFORME A ESTA CASA DE LEIS, PARA FINS DE ESCLARECIMENTO P\u00daBLICO, SE H\u00c1 POSSIBILIDADE DE IMPLANTAR UM CENTRO DE CAPACITA\u00c7\u00c3O DOS PROFISSIONAIS DO MAGIST\u00c9RIO, COM A FINALIDADE DE PROMOVER O APERFEI\u00c7OAMENTO DA QUALIFICA\u00c7\u00c3O DOS PROFISSIONAIS DO MAGIST\u00c9RIO QUE LABORAM NO MUNIC\u00cdPIO. EM CASO POSITIVO, DECLINE A DATA PREVISTA PARA ESSA FINALIDADE.","indexacao":"","observacao":"","resultado":"","texto_original":"http://sapl.cmm.pr.gov.br/media/sapl/public/materialegislativa/2014/15417/15417_texto_integral.pdf","data_ultima_atualizacao":"2022-10-06T11:35:46.427552-03:00","ip":"","ultima_edicao":null,"tipo":3,"regime_tramitacao":1,"tipo_origem_externa":null,"local_origem_externa":null,"user":null,"anexadas":[],"autores":[23]}