{"id":15561,"__str__":"Indica\u00e7\u00e3o n\u00ba 148002 de 2014","metadata":{},"numero":148002,"ano":2014,"numero_protocolo":null,"data_apresentacao":"2014-12-05","tipo_apresentacao":"E","data_publicacao":null,"numero_origem_externa":"","ano_origem_externa":null,"data_origem_externa":null,"apelido":"","dias_prazo":null,"data_fim_prazo":null,"em_tramitacao":false,"polemica":false,"objeto":"","complementar":false,"ementa":"INDICA AO PREFEITO MUNICIPAL, QUE DETERMINE A IMPLANTA\u00c7\u00c3O DE C\u00c2MERAS DE VIGIL\u00c2NCIA OU RADARES FOTOGR\u00c1FICOS NA AVENIDA COLOMBO, NOS CRUZAMENTOS COM AS VIAS MARGINAIS \u00c0 AVENIDA MAJOR ABELARDO JOS\u00c9 DA CRUZ (CONTORNO NORTE), COM A FINALIDADE DE COIBIR A CONDUTA DE MOTORISTAS QUE TEM ULTRAPASSADO OS SEM\u00c1FOROS LOCALIZADOS NOS REFERIDOS CRUZAMENTOS NOS MOMENTOS EM QUE OS REFERIDOS DISPOSITIVOS OSTENTAM A SINALIZA\u00c7\u00c3O VERMELHA.","indexacao":"","observacao":"","resultado":"","texto_original":"http://sapl.cmm.pr.gov.br/media/sapl/public/materialegislativa/2014/15561/15561_texto_integral.pdf","data_ultima_atualizacao":"2022-10-06T11:35:47.347570-03:00","ip":"","ultima_edicao":null,"tipo":8,"regime_tramitacao":1,"tipo_origem_externa":null,"local_origem_externa":null,"user":null,"anexadas":[],"autores":[39]}