{"id":15690,"__str__":"Indica\u00e7\u00e3o n\u00ba 268402 de 2014","metadata":{},"numero":268402,"ano":2014,"numero_protocolo":null,"data_apresentacao":"2014-12-19","tipo_apresentacao":"E","data_publicacao":null,"numero_origem_externa":"","ano_origem_externa":null,"data_origem_externa":null,"apelido":"","dias_prazo":null,"data_fim_prazo":null,"em_tramitacao":false,"polemica":false,"objeto":"","complementar":false,"ementa":"INDICA AO PREFEITO MUNICIPAL QUE DETERMINE A EXECU\u00c7\u00c3O DO SERVI\u00c7O DE LIMPEZA DE TODAS AS RAMPAS PARA ACESSO DE PESSOAS COM DEFICI\u00caNCIA F\u00cdSICA LOCALIZADAS NAS FAIXAS DE PASSEIO P\u00daBLICO DAS VIAS P\u00daBLICAS DO MUNIC\u00cdPIO, COM A FINALIDADE DE EVITAR QUE O AC\u00daMULO DE SUJEIRA, ESPECIALMENTE GALHOS E DEMAIS RESTOS DE \u00c1RVORES QUE FICAM PRESOS \u00c0S RAMPAS, PREJUDIQUEM A SUA UTILIZA\u00c7\u00c3O POR PESSOAS COM DEFICI\u00caNCIA F\u00cdSICA QUE UTILIZAM CADEIRAS DE RODAS.","indexacao":"","observacao":"","resultado":"","texto_original":"http://sapl.cmm.pr.gov.br/media/sapl/public/materialegislativa/2014/15690/15690_texto_integral.pdf","data_ultima_atualizacao":"2022-10-06T11:35:48.036448-03:00","ip":"","ultima_edicao":null,"tipo":8,"regime_tramitacao":1,"tipo_origem_externa":null,"local_origem_externa":null,"user":null,"anexadas":[],"autores":[87]}