{"id":16374,"__str__":"Requerimento n\u00ba 237 de 2015","link_detail_backend":"/materia/16374","metadata":{},"numero":237,"ano":2015,"numero_protocolo":null,"data_apresentacao":"2015-03-16","tipo_apresentacao":"E","data_publicacao":null,"numero_origem_externa":"","ano_origem_externa":null,"data_origem_externa":null,"apelido":"","dias_prazo":null,"data_fim_prazo":null,"em_tramitacao":false,"polemica":false,"objeto":"","complementar":false,"ementa":"SOLICITA AO PREFEITO MUNICIPAL, QUE INFORME A ESTA CASA DE LEIS, PARA FINS DE ESCLARECIMENTO P\u00daBLICO, SE H\u00c1 POSSIBILIDADE DE IMPLANTAR UMA ACADEMIA DA PRIMEIRA IDADE NO ESPA\u00c7O EXISTENTE AO LADO DO HOSPITAL MUNICIPAL, ONDE EXISTE UMA ATI, E, EM CASO POSITIVO, DECLINE A DATA PREVISTA PARA ESSA FINALIDADE.","indexacao":"","observacao":"","resultado":"","texto_original":"http://sapl.cmm.pr.gov.br/media/sapl/public/materialegislativa/2015/16374/16374_texto_integral.pdf","data_ultima_atualizacao":"2022-10-06T11:35:52.043384-03:00","ip":"","ultima_edicao":null,"tipo":3,"regime_tramitacao":1,"tipo_origem_externa":null,"local_origem_externa":null,"user":null,"anexadas":[],"autores":[23]}