{"id":16547,"__str__":"Requerimento n\u00ba 332 de 2015","metadata":{},"numero":332,"ano":2015,"numero_protocolo":null,"data_apresentacao":"2015-03-26","tipo_apresentacao":"E","data_publicacao":null,"numero_origem_externa":"","ano_origem_externa":null,"data_origem_externa":null,"apelido":"","dias_prazo":null,"data_fim_prazo":null,"em_tramitacao":false,"polemica":false,"objeto":"","complementar":false,"ementa":"SOLICITA AO PREFEITO MUNICIPAL, QUE INFORME A ESTA CASA DE LEIS, PARA FINS DE ESCLARECIMENTO P\u00daBLICO, POR QUAIS RAZ\u00d5ES AS QUADRAS ESPORTIVAS EXISTENTES NAS ESCOLAS MUNICIPAIS N\u00c3O S\u00c3O LIBERADAS PARA UTILIZA\u00c7\u00c3O PELOS MUN\u00cdCIPES NOS HOR\u00c1RIOS EM QUE N\u00c3O EST\u00c3O SENDO UTILIZADAS PELOS ALUNOS DAS RESPECTIVAS ESCOLAS, BEM COMO SE H\u00c1 PREVIS\u00c3O PARA A LIBERA\u00c7\u00c3O DAS REFERIDAS QUADRAS ESPORTIVAS PARA USO DA COMUNIDADE. EM CASO POSITIVO, DECLINE A DATA PREVISTA PARA ESSA FINALIDADE.","indexacao":"","observacao":"","resultado":"","texto_original":"http://sapl.cmm.pr.gov.br/media/sapl/public/materialegislativa/2015/16547/16547_texto_integral.pdf","data_ultima_atualizacao":"2022-10-06T11:35:53.071021-03:00","ip":"","ultima_edicao":null,"tipo":3,"regime_tramitacao":1,"tipo_origem_externa":null,"local_origem_externa":null,"user":null,"anexadas":[],"autores":[87]}