{"id":16763,"__str__":"Requerimento n\u00ba 459 de 2015","metadata":{},"numero":459,"ano":2015,"numero_protocolo":null,"data_apresentacao":"2015-05-14","tipo_apresentacao":"E","data_publicacao":null,"numero_origem_externa":"","ano_origem_externa":null,"data_origem_externa":null,"apelido":"","dias_prazo":null,"data_fim_prazo":null,"em_tramitacao":false,"polemica":false,"objeto":"","complementar":false,"ementa":"SOLICITA AO PREFEITO MUNICIPAL, QUE INFORME A ESTA CASA DE LEIS, PARA FINS DE ESCLARECIMENTO P\u00daBLICO, ACERCA DO CURSO DE FORMA\u00c7\u00c3O DOS GUARDAS MUNICIPAIS QUE EST\u00c1 SENDO REALIZADO NA 2.\u00aa ESFAEP - ESCOLA DE FORMA\u00c7\u00c3O, APERFEI\u00c7OAMENTO E ESPECIALIZA\u00c7\u00c3O DE PRA\u00c7AS, O QUANTO SEGUE:\r\n\r\n1 - GRADE DAS DISCIPLINAS DO CURSO NA \u00cdNTEGRA, CONSTANDO A EMENTA DAS DISCIPLINAS, METODOLOGIA, RECURSOS PEDAG\u00d3GICOS NECESS\u00c1RIOS E CARGA HOR\u00c1RIA PREVISTA; E QUE INFORME QUAIS AS DISCIPLINAS EFETIVAMENTE SER\u00c3O MINISTRADAS, E, EM QUE CONDI\u00c7\u00d5ES;\r\n\r\n2 - ESPECIFICAMENTE NO TOCANTE AO ENSINO TE\u00d3RICO E PR\u00c1TICO DE USO DE ARMA DE FOGO:\r\n\r\n(2.1) QUE INFORME SE HAVER\u00c1 A MINISTRA\u00c7\u00c3O DESTAS AULAS, E, EM QUE CONDI\u00c7\u00d5ES;\r\n\r\n(2.2) SE AS REFERIDAS AULAS N\u00c3O FOREM MINISTRADAS, QUE DECLINE OS MOTIVOS PELOS QUAIS ISSO OCORRE; E\r\n\r\n(2.3) SE H\u00c1 PREVIS\u00c3O OU PLANEJAMENTO ALTERNATIVO PARA SUA REALIZA\u00c7\u00c3O.","indexacao":"","observacao":"","resultado":"","texto_original":"http://sapl.cmm.pr.gov.br/media/sapl/public/materialegislativa/2015/16763/16763_texto_integral.pdf","data_ultima_atualizacao":"2022-10-06T11:35:54.405281-03:00","ip":"","ultima_edicao":null,"tipo":3,"regime_tramitacao":1,"tipo_origem_externa":null,"local_origem_externa":null,"user":null,"anexadas":[],"autores":[77]}