{"id":16813,"__str__":"Requerimento n\u00ba 471 de 2015","metadata":{},"numero":471,"ano":2015,"numero_protocolo":null,"data_apresentacao":"2015-05-18","tipo_apresentacao":"E","data_publicacao":null,"numero_origem_externa":"","ano_origem_externa":null,"data_origem_externa":null,"apelido":"","dias_prazo":null,"data_fim_prazo":null,"em_tramitacao":false,"polemica":null,"objeto":"","complementar":null,"ementa":"SOLICITA AO PREFEITO MUNICIPAL, QUE INFORME A ESTA CASA DE LEIS, PARA FINS DE ESCLARECIMENTO P\u00daBLICO, SE H\u00c1 PREVIS\u00c3O PARA A IMPLANTA\u00c7\u00c3O DE FAIXAS DE SEGURAN\u00c7A ELEVADAS PARA PEDESTRES NAS VIAS MARGINAIS \u00c0 AVENIDA MAJOR ABELARDO JOS\u00c9 DA CRUZ (CONTORNO NORTE), NAS SA\u00cdDAS DAS PASSARELAS 7 E 8. EM CASO POSITIVO, DECLINE A DATA PREVISTA PARA ESSA FINALIDADE.","indexacao":"","observacao":"","resultado":"","texto_original":"http://sapl.cmm.pr.gov.br/media/sapl/public/materialegislativa/2015/16813/16813_texto_integral.pdf","data_ultima_atualizacao":"2022-10-06T11:35:54.752673-03:00","ip":"","ultima_edicao":null,"tipo":3,"regime_tramitacao":1,"tipo_origem_externa":null,"local_origem_externa":null,"user":null,"anexadas":[],"autores":[88]}