{"id":21674,"__str__":"Requerimento n\u00ba 990 de 2016","metadata":{},"numero":990,"ano":2016,"numero_protocolo":null,"data_apresentacao":"2016-10-17","tipo_apresentacao":"E","data_publicacao":null,"numero_origem_externa":"","ano_origem_externa":null,"data_origem_externa":null,"apelido":"","dias_prazo":null,"data_fim_prazo":null,"em_tramitacao":false,"polemica":null,"objeto":"","complementar":null,"ementa":"SOLICITA AO PREFEITO MUNICIPAL, QUE INFORME A ESTA CASA DE LEIS, PARA FINS DE ESCLARECIMENTO P\u00daBLICO, SE H\u00c1 POSSIBILIDADE DE DETERMINAR A IMPLANTA\u00c7\u00c3O DE SINALIZA\u00c7\u00c3O VERTICAL DE TR\u00c2NSITO NA RUA FERN\u00c3O DIAS, NAS PROXIMIDADES DO N\u00daMERO 212, NA ZONA 09, INDICANDO A EXIST\u00caNCIA DE FAIXA DE SEGURAN\u00c7A PARA PEDESTRES NAQUELE LOCAL. EM CASO POSITIVO, DECLINE A DATA PREVISTA PARA ESSA FINALIDADE, E, EM CASO NEGATIVO, DECLINE OS MOTIVOS.","indexacao":"","observacao":"","resultado":"","texto_original":"http://sapl.cmm.pr.gov.br/media/sapl/public/materialegislativa/2016/21674/21674_texto_integral.pdf","data_ultima_atualizacao":"2022-10-06T11:36:21.420740-03:00","ip":"","ultima_edicao":null,"tipo":3,"regime_tramitacao":1,"tipo_origem_externa":null,"local_origem_externa":null,"user":null,"anexadas":[],"autores":[77]}