{"id":21933,"__str__":"Requerimento n\u00ba 1060 de 2016","metadata":{},"numero":1060,"ano":2016,"numero_protocolo":null,"data_apresentacao":"2016-11-04","tipo_apresentacao":"O","data_publicacao":null,"numero_origem_externa":"","ano_origem_externa":null,"data_origem_externa":null,"apelido":"","dias_prazo":null,"data_fim_prazo":null,"em_tramitacao":false,"polemica":null,"objeto":"","complementar":null,"ementa":"SOLICITA AO PREFEITO MUNICIPAL, QUE INFORME A ESTA CASA DE LEIS, PARA FINS DE ESCLARECIMENTO P\u00daBLICO, SE H\u00c1 POSSIBILIDADE DE DETERMINAR A INSTALA\u00c7\u00c3O DE UMA ACADEMIA DA TERCEIRA IDADE E UM SAL\u00c3O COMUNIT\u00c1RIO NO ENTORNO DO QUADRIL\u00c1TERO COMPOSTO PELOS SEGUINTES LOGRADOUROS: AVENIDA BRASIL, RUA ANT\u00d4NIO OCT\u00c1VIO SCRAMIN, LARGO PIONEIRO JOS\u00c9 IGN\u00c1CIO DA SILVA, LARGO GENERAL OS\u00d3RIO E RUA ANT\u00d4NIO CARNIEL, NA ZONA 05, E, EM CASO POSITIVO, DECLINE A DATA PREVISTA PARA ESSA FINALIDADE. EM CASO NEGATIVO, DECLINE OS MOTIVOS.","indexacao":"","observacao":"","resultado":"","texto_original":"http://sapl.cmm.pr.gov.br/media/sapl/public/materialegislativa/2016/21933/21933_texto_integral.pdf","data_ultima_atualizacao":"2022-10-06T11:36:22.990791-03:00","ip":"","ultima_edicao":null,"tipo":3,"regime_tramitacao":1,"tipo_origem_externa":null,"local_origem_externa":null,"user":null,"anexadas":[],"autores":[75]}