{"id":23554,"__str__":"Requerimento n\u00ba 416 de 2017","link_detail_backend":"/materia/23554","metadata":{},"numero":416,"ano":2017,"numero_protocolo":null,"data_apresentacao":"2017-04-20","tipo_apresentacao":"E","data_publicacao":null,"numero_origem_externa":"","ano_origem_externa":null,"data_origem_externa":null,"apelido":"","dias_prazo":null,"data_fim_prazo":null,"em_tramitacao":false,"polemica":null,"objeto":"","complementar":null,"ementa":"SOLICITA AO PREFEITO MUNICIPAL, QUE INFORME A ESTA CASA DE LEIS, PARA FINS DE ESCLARECIMENTO P\u00daBLICO, O QUE OCASIONOU A PARALISA\u00c7\u00c3O DAS OBRAS DE PROLONGAMENTO DA AVENIDA DEPUTADO JOS\u00c9 ALVES, LIGANDO O CONJUNTO RESIDENCIAL NEY BRAGA AO JARDIM BRAS\u00cdLIA, E DA AVENIDA JO\u00c3O PEREIRA, LIGANDO O PARQUE DAS LARANJEIRAS \u00c0 BR 376, BEM COMO SE EXISTE ALGUMA ESTIMATIVA PARA O REIN\u00cdCIO E T\u00c9RMINO DAS REFERIDAS OBRAS.","indexacao":"","observacao":"","resultado":"","texto_original":"http://sapl.cmm.pr.gov.br/media/sapl/public/materialegislativa/2017/23554/23554_texto_integral.pdf","data_ultima_atualizacao":"2022-10-06T11:36:32.822495-03:00","ip":"","ultima_edicao":null,"tipo":3,"regime_tramitacao":1,"tipo_origem_externa":null,"local_origem_externa":null,"user":null,"anexadas":[],"autores":[3]}