{"id":23785,"__str__":"Requerimento n\u00ba 573 de 2017","link_detail_backend":"/materia/23785","metadata":{},"numero":573,"ano":2017,"numero_protocolo":null,"data_apresentacao":"2017-05-15","tipo_apresentacao":"E","data_publicacao":null,"numero_origem_externa":"","ano_origem_externa":null,"data_origem_externa":null,"apelido":"","dias_prazo":null,"data_fim_prazo":null,"em_tramitacao":false,"polemica":null,"objeto":"","complementar":null,"ementa":"SOLICITA AO PREFEITO MUNICIPAL, QUE INFORME A ESTA CASA DE LEIS, PARA FINS DE ESCLARECIMENTO P\u00daBLICO, SE H\u00c1 POSSIBILIDADE DE DETERMINAR A INSTALA\u00c7\u00c3O DE SINALIZA\u00c7\u00c3O HORIZONTAL DE TR\u00c2NSITO DOTADA DE &#8220;TACH\u00d5ES&#8221;, TAIS COMO AQUELES QUE FORAM INSTALADOS NAS RUAS TOM\u00c9 DE SOUZA E MEN DE S\u00c1, NAS SEGUINTES VIAS P\u00daBLICAS LOCALIZADAS NA VILA PROGRESSO: RUA JOS\u00c9 BAR\u00c3O NETO, RUA ALBA GUIMAR\u00c3ES, RUA DOUTOR NABY ZACARIAS E RUA MOOCA, EM TODOS OS CRUZAMENTOS DAS REFERIDAS VIAS P\u00daBLICAS, CONFORME MAPAS ANEXOS. EM CASO POSITIVO, DECLINE A DATA PREVISTA PARA ESSA FINALIDADE, E, EM CASO NEGATIVO, DECLINE OS MOTIVOS, BEM COMO SE H\u00c1 POSSIBILIDADE DE DETERMINAR A ADO\u00c7\u00c3O DE OUTRAS MODALIDADES DE SINALIZA\u00c7\u00c3O QUE OBRIGUEM INTUITIVAMENTE OU INDIRETAMENTE OS MOTORISTAS A RESPEITAREM AS VIAS PREFERENCIAIS.","indexacao":"","observacao":"","resultado":"","texto_original":"http://sapl.cmm.pr.gov.br/media/sapl/public/materialegislativa/2017/23785/23785_texto_integral.pdf","data_ultima_atualizacao":"2022-10-06T11:36:34.199919-03:00","ip":"","ultima_edicao":null,"tipo":3,"regime_tramitacao":2,"tipo_origem_externa":null,"local_origem_externa":null,"user":null,"anexadas":[],"autores":[95]}