{"id":36829,"__str__":"Requerimento n\u00ba 281 de 2020","link_detail_backend":"/materia/36829","metadata":{},"numero":281,"ano":2020,"numero_protocolo":null,"data_apresentacao":"2020-02-18","tipo_apresentacao":"E","data_publicacao":null,"numero_origem_externa":"","ano_origem_externa":null,"data_origem_externa":null,"apelido":"","dias_prazo":null,"data_fim_prazo":null,"em_tramitacao":false,"polemica":null,"objeto":"","complementar":null,"ementa":"SOLICITA AO PREFEITO MUNICIPAL, QUE INFORME A ESTA CASA DE LEIS, PARA FINS DE ESCLARECIMENTO P\u00daBLICO, CONSIDERANDO O COMPROMISSO ASSUMIDO PELO SR. PREFEITO MUNICIPAL NO PER\u00cdODO DA CAMPANHA ELEITORAL PARA ELIMINAR AS FILAS PARA CONSULTAS ESPECIALIZADAS, DECLINE QUAL ERA A QUANTIDADE DE CONSULTAS ESPECIALIZADAS QUE FAZIAM PARTE DA FILA AO ASSUMIR A GEST\u00c3O NO ANO DE 2017 E QUAL \u00c9 O NUMERO ATUAL, AT\u00c9 O PRESENTE MOMENTO.","indexacao":"","observacao":"","resultado":"","texto_original":"http://sapl.cmm.pr.gov.br/media/sapl/public/materialegislativa/2020/36829/36829_texto_integral.pdf","data_ultima_atualizacao":"2022-10-06T11:37:45.923104-03:00","ip":"","ultima_edicao":null,"tipo":3,"regime_tramitacao":1,"tipo_origem_externa":null,"local_origem_externa":null,"user":null,"anexadas":[],"autores":[101]}