{"id":44673,"__str__":"Requerimento n\u00ba 251 de 2022","metadata":{},"numero":251,"ano":2022,"numero_protocolo":null,"data_apresentacao":"2022-03-02","tipo_apresentacao":"E","data_publicacao":null,"numero_origem_externa":"","ano_origem_externa":null,"data_origem_externa":null,"apelido":"","dias_prazo":null,"data_fim_prazo":null,"em_tramitacao":false,"polemica":null,"objeto":"","complementar":null,"ementa":"SOLICITA AO PREFEITO MUNICIPAL, QUE INFORME A ESTA CASA DE LEIS, PARA FINS DE ESCLARECIMENTO P\u00daBLICO, POR QUAIS MOTIVOS AS AULAS NO CENTRO SOCIAL URBANO DEPUTADO RIVAD\u00c1VIA VARGAS &#8211; CSU AINDA N\u00c3O COME\u00c7ARAM, TENDO EM VISTA QUE ESTAVAM PREVISTAS PARA INICIAR NO M\u00caS DE FEVEREIRO DO CORRENTE ANO.","indexacao":"","observacao":"","resultado":"","texto_original":"http://sapl.cmm.pr.gov.br/media/sapl/public/materialegislativa/2022/44673/44673_texto_integral.pdf","data_ultima_atualizacao":"2022-10-06T11:38:35.451105-03:00","ip":"","ultima_edicao":null,"tipo":3,"regime_tramitacao":1,"tipo_origem_externa":null,"local_origem_externa":null,"user":null,"anexadas":[],"autores":[104]}