{"id":44766,"__str__":"Requerimento n\u00ba 343 de 2022","metadata":{},"numero":343,"ano":2022,"numero_protocolo":null,"data_apresentacao":"2022-03-14","tipo_apresentacao":"E","data_publicacao":null,"numero_origem_externa":"","ano_origem_externa":null,"data_origem_externa":null,"apelido":"","dias_prazo":null,"data_fim_prazo":null,"em_tramitacao":false,"polemica":null,"objeto":"","complementar":null,"ementa":"SOLICITA AO PREFEITO MUNICIPAL, QUE INFORME A ESTA CASA DE LEIS, PARA FINS DE ESCLARECIMENTO P\u00daBLICO, SE H\u00c1 POSSIBILIDADE DE READEQUAR A \u00c1REA DE ATENDIMENTO AO P\u00daBLICO DA COORDENADORIA MUNICIPAL DE PROTE\u00c7\u00c3O E DEFESA DO CONSUMIDOR &#8211; PROCON, COM A AMPLIA\u00c7\u00c3O DO BALC\u00c3O DE ATENDIMENTO E IMPLANTA\u00c7\u00c3O DE ESPA\u00c7O DE ESPERA AREJADO E AMPLO. EM CASO POSITIVO, DECLINE O CRONOGRAMA DE OBRAS. EM NEGATIVO, DECLINE OS MOTIVOS.","indexacao":"","observacao":"","resultado":"","texto_original":"http://sapl.cmm.pr.gov.br/media/sapl/public/materialegislativa/2022/44766/44766_texto_integral.pdf","data_ultima_atualizacao":"2022-10-06T11:38:35.947365-03:00","ip":"","ultima_edicao":null,"tipo":3,"regime_tramitacao":1,"tipo_origem_externa":null,"local_origem_externa":null,"user":null,"anexadas":[],"autores":[103]}