{"id":50762,"__str__":"Requerimento n\u00ba 1178 de 2023","metadata":{},"numero":1178,"ano":2023,"numero_protocolo":null,"data_apresentacao":"2023-08-09","tipo_apresentacao":"E","data_publicacao":null,"numero_origem_externa":"","ano_origem_externa":null,"data_origem_externa":null,"apelido":"","dias_prazo":null,"data_fim_prazo":null,"em_tramitacao":false,"polemica":false,"objeto":"","complementar":false,"ementa":"Solicita ao Prefeito Municipal, que informe a esta Casa de Leis, para fins de esclarecimento p\u00fablico, se h\u00e1 possibilidade de determinar a implanta\u00e7\u00e3o de ilumina\u00e7\u00e3o p\u00fablica na Avenida Guedner, imedia\u00e7\u00f5es do n\u00famero 3476, no Loteamento Honorato Vecchi, especificamente no trecho do cruzamento com a Rua Pioneira Heck Fritzen at\u00e9 a ponte que passa sobre o Anel Vi\u00e1rio Prefeito Sincler Sambatti (Contorno Sul), conforme fotos anexas, atendendo reivindica\u00e7\u00e3o da comunidade, tendo em vista que, no per\u00edodo noturno, o trecho fica totalmente escuro, por n\u00e3o ter ilumina\u00e7\u00e3o, situa\u00e7\u00e3o que coloca em risco os transeuntes, moradores, motoristas e motociclistas que necessitam transitar pelo local, e, em caso positivo, decline a data prevista para essa finalidade. Em caso negativo, decline os motivos.","indexacao":"","observacao":"","resultado":"","texto_original":"http://sapl.cmm.pr.gov.br/media/sapl/public/materialegislativa/2023/50762/231178req.pdf","data_ultima_atualizacao":"2023-12-04T11:28:45.757242-03:00","ip":"192.168.1.121","ultima_edicao":"2023-08-10T16:26:40.401542-03:00","tipo":3,"regime_tramitacao":1,"tipo_origem_externa":null,"local_origem_externa":null,"user":40,"anexadas":[],"autores":[128]}