{"id":50868,"__str__":"Requerimento n\u00ba 1258 de 2023","metadata":{},"numero":1258,"ano":2023,"numero_protocolo":null,"data_apresentacao":"2023-08-21","tipo_apresentacao":"E","data_publicacao":null,"numero_origem_externa":"","ano_origem_externa":null,"data_origem_externa":null,"apelido":"","dias_prazo":null,"data_fim_prazo":null,"em_tramitacao":false,"polemica":false,"objeto":"","complementar":false,"ementa":"Solicita ao Prefeito Municipal, que informe a esta Casa de Leis, para fins de esclarecimento p\u00fablico, considerando o atendimento \u00e0s pessoas idosas e com mobilidade reduzida, como ser\u00e1 realizado o transporte dos pacientes da Unidade de Apoio \u00e0 Sa\u00fade da Fam\u00edlia \u2013 UASF Sumar\u00e9 \u2013 Alvorada III, instalada no Centro Universit\u00e1rio Ing\u00e1 \u2013 Uning\u00e1, entre a entrada da institui\u00e7\u00e3o de ensino e a unidade p\u00fablica de sa\u00fade.","indexacao":"","observacao":"","resultado":"","texto_original":"http://sapl.cmm.pr.gov.br/media/sapl/public/materialegislativa/2023/50868/231258req.pdf","data_ultima_atualizacao":"2024-01-11T12:53:56.568974-03:00","ip":"192.168.1.123","ultima_edicao":"2023-08-21T17:34:08.340310-03:00","tipo":3,"regime_tramitacao":2,"tipo_origem_externa":null,"local_origem_externa":null,"user":36,"anexadas":[],"autores":[14]}