{"id":52067,"__str__":"Projeto de Lei Ordin\u00e1ria n\u00ba 16858 de 2023","link_detail_backend":"/materia/52067","metadata":{},"numero":16858,"ano":2023,"numero_protocolo":null,"data_apresentacao":"2023-10-27","tipo_apresentacao":"E","data_publicacao":null,"numero_origem_externa":"","ano_origem_externa":null,"data_origem_externa":null,"apelido":"","dias_prazo":null,"data_fim_prazo":null,"em_tramitacao":true,"polemica":false,"objeto":"","complementar":false,"ementa":"Altera a reda\u00e7\u00e3o de dispositivos da Lei n\u00ba 11.226, de 11 de fevereiro de 2021, relativos \u00e0s novas regulamenta\u00e7\u00f5es ao Conselho Municipal dos Direitos da Pessoa com Defici\u00eancia e d\u00e1 outras provid\u00eancias.","indexacao":"Mensagem 121/2023","observacao":"","resultado":"","texto_original":"http://sapl.cmm.pr.gov.br/media/sapl/public/materialegislativa/2023/52067/2316858plo.pdf","data_ultima_atualizacao":"2023-12-12T12:32:17.872889-03:00","ip":"192.168.1.123","ultima_edicao":"2023-11-10T17:19:42.278227-03:00","tipo":1,"regime_tramitacao":1,"tipo_origem_externa":null,"local_origem_externa":null,"user":36,"anexadas":[],"autores":[46]}