{"id":52260,"__str__":"Requerimento n\u00ba 1849 de 2023","link_detail_backend":"/materia/52260","metadata":{},"numero":1849,"ano":2023,"numero_protocolo":null,"data_apresentacao":"2023-11-22","tipo_apresentacao":"E","data_publicacao":null,"numero_origem_externa":"","ano_origem_externa":null,"data_origem_externa":null,"apelido":"","dias_prazo":null,"data_fim_prazo":null,"em_tramitacao":false,"polemica":false,"objeto":"","complementar":false,"ementa":"Solicita ao Prefeito Municipal, que informe a esta Casa de Leis, para fins de esclarecimento p\u00fablico, relativamente \u00e0s estruturas instaladas no gramado da Pra\u00e7a da Catedral Metropolitana Basilica Menor Nossa Senhora da Gl\u00f3ria para a realiza\u00e7\u00e3o da \"Maring\u00e1 Encantada\", o quanto segue:\r\n1 - se os \u00f3rg\u00e3os ambientais do Munic\u00edpio foram consultados com rela\u00e7\u00e3o ao que as decora\u00e7\u00f5es, estruturas existentes e o tr\u00e1fego de pessoas podem ocasionar ao gramado da Pra\u00e7a;\r\n2 - com o t\u00e9rmino do evento, como vai ser feita a recupera\u00e7\u00e3o do gramado da Pra\u00e7a;\r\n3 - qual valor estimado que o Munic\u00edpio vai gastar para fazer a revitaliza\u00e7\u00e3o total da referida Pra\u00e7a ap\u00f3s o t\u00e9rmino do evento.","indexacao":"","observacao":"","resultado":"","texto_original":"http://sapl.cmm.pr.gov.br/media/sapl/public/materialegislativa/2023/52260/231849req.pdf","data_ultima_atualizacao":"2024-02-02T10:34:38.571231-03:00","ip":"192.168.1.121","ultima_edicao":"2023-11-23T15:53:52.516865-03:00","tipo":3,"regime_tramitacao":1,"tipo_origem_externa":null,"local_origem_externa":null,"user":40,"anexadas":[],"autores":[104]}