{"id":53983,"__str__":"Requerimento n\u00ba 470 de 2024","link_detail_backend":"/materia/53983","metadata":{},"numero":470,"ano":2024,"numero_protocolo":null,"data_apresentacao":"2024-04-04","tipo_apresentacao":"E","data_publicacao":null,"numero_origem_externa":"","ano_origem_externa":null,"data_origem_externa":null,"apelido":"","dias_prazo":null,"data_fim_prazo":null,"em_tramitacao":false,"polemica":false,"objeto":"","complementar":false,"ementa":"Solicita ao Prefeito Municipal, que informe a esta Casa de Leis, para fins de esclarecimento p\u00fablico, se h\u00e1 possibilidade de a Administra\u00e7\u00e3o Municipal adotar provid\u00eancias junto \u00e0 empresa Transporte Coletivo Cidade Can\u00e7\u00e3o LTDA. \u2013 TCCC a fim de esclarecer o que est\u00e1 acontecendo com os coletivos da linha n. 131, que saem do Terminal Urbano Intermodal Dr. Said Fel\u00edcio Ferreira em dire\u00e7\u00e3o aos bairros, tendo em vista que os usu\u00e1rios est\u00e3o reclamando que todos os dias os \u00f4nibus est\u00e3o passando 28 (vinte e oito) minutos atrasados no ponto existente na Avenida Doutor Alexandre Rasgulaeff, pr\u00f3ximo ao n\u00famero 3930, o que est\u00e1 causando transtornos, e a empresa j\u00e1 foi questionada, respondendo que o motorista era novo, mas isso j\u00e1 dura mais de trinta dias, e, em caso negativo, decline os motivos.","indexacao":"","observacao":"","resultado":"","texto_original":"http://sapl.cmm.pr.gov.br/media/sapl/public/materialegislativa/2024/53983/24470req.pdf","data_ultima_atualizacao":"2024-07-11T14:35:59.928931-03:00","ip":"192.168.1.121","ultima_edicao":"2024-04-09T15:13:33.072863-03:00","tipo":3,"regime_tramitacao":1,"tipo_origem_externa":null,"local_origem_externa":null,"user":40,"anexadas":[],"autores":[106]}