{"id":54989,"__str__":"Requerimento n\u00ba 948 de 2024","metadata":{},"numero":948,"ano":2024,"numero_protocolo":null,"data_apresentacao":"2024-07-10","tipo_apresentacao":"E","data_publicacao":null,"numero_origem_externa":"","ano_origem_externa":null,"data_origem_externa":null,"apelido":"","dias_prazo":null,"data_fim_prazo":null,"em_tramitacao":false,"polemica":false,"objeto":"","complementar":false,"ementa":"Solicita ao Prefeito Municipal, que informe a esta Casa de Leis, para fins de esclarecimento p\u00fablico, se h\u00e1 possibilidade de a Administra\u00e7\u00e3o Municipal adotar provid\u00eancias junto \u00e0 empresa Transporte Coletivo Cidade Can\u00e7\u00e3o LTDA. \u2013 TCCC visando esclarecer os motivos pelos quais houve altera\u00e7\u00e3o na linha 220, que atende ao Jardim S\u00e3o Clemente, que, anteriormente, havia um \u00f4nibus saindo do Jardim S\u00e3o Clemente e do Jardim Atami sentindo ao Terminal Urbano Intermodal Dr. Said Fel\u00edcio Ferreira \u00e0s 8h10min e, segundo consta do site da empresa respons\u00e1vel, os hor\u00e1rios de sa\u00edda dos bairros s\u00e3o \u00e0s 7h10min e \u00e0s 9h10min, com isso, os moradores que entram no trabalho no intervalo desses hor\u00e1rios acabam tendo dificuldades para chegar em seu destino no tempo certo, e se h\u00e1 possibilidade de retornar o hor\u00e1rio de sa\u00edda dos bairros \u00e0s 8h10min., diariamente, e, em caso positivo, decline a data prevista para essa finalidade. Em caso negativo, decline os motivos.","indexacao":"","observacao":"","resultado":"","texto_original":"http://sapl.cmm.pr.gov.br/media/sapl/public/materialegislativa/2024/54989/24948req.pdf","data_ultima_atualizacao":"2024-09-02T14:36:52.266020-03:00","ip":"192.168.1.121","ultima_edicao":"2024-07-11T14:18:30.654361-03:00","tipo":3,"regime_tramitacao":1,"tipo_origem_externa":null,"local_origem_externa":null,"user":40,"anexadas":[],"autores":[96]}