{"id":55521,"__str__":"Requerimento n\u00ba 1122 de 2024","metadata":{},"numero":1122,"ano":2024,"numero_protocolo":null,"data_apresentacao":"2024-08-27","tipo_apresentacao":"","data_publicacao":null,"numero_origem_externa":"","ano_origem_externa":null,"data_origem_externa":null,"apelido":"","dias_prazo":null,"data_fim_prazo":null,"em_tramitacao":false,"polemica":false,"objeto":"","complementar":false,"ementa":"Solicita ao prefeito que informe a esta Casa de Leis, para fins de esclarecimento p\u00fablico, se h\u00e1 previs\u00e3o para realizar uma edi\u00e7\u00e3o do \u201cAssuntos Comunit\u00e1rios em A\u00e7\u00e3o\u201d no sal\u00e3o comunit\u00e1rio ou outra localidade do Conjunto Residencial Governador Ney Braga, e, em caso positivo, decline o local e a data prevista para essa finalidade.","indexacao":"","observacao":"","resultado":"","texto_original":"http://sapl.cmm.pr.gov.br/media/sapl/public/materialegislativa/2024/55521/241122req.pdf","data_ultima_atualizacao":"2024-10-08T12:07:33.429203-03:00","ip":"192.168.1.107","ultima_edicao":"2024-08-29T12:29:02.975350-03:00","tipo":3,"regime_tramitacao":1,"tipo_origem_externa":null,"local_origem_externa":null,"user":60,"anexadas":[],"autores":[3]}