{"id":56640,"__str__":"Requerimento n\u00ba 245 de 2025","metadata":{},"numero":245,"ano":2025,"numero_protocolo":null,"data_apresentacao":"2025-01-22","tipo_apresentacao":"E","data_publicacao":null,"numero_origem_externa":"","ano_origem_externa":null,"data_origem_externa":null,"apelido":"","dias_prazo":null,"data_fim_prazo":null,"em_tramitacao":true,"polemica":false,"objeto":"","complementar":false,"ementa":"Requer ao Prefeito Municipal, que informe a esta Casa de Leis, para fins de esclarecimento p\u00fablico, se h\u00e1 possibilidade de determinar a revitaliza\u00e7\u00e3o e a implanta\u00e7\u00e3o de equipamentos p\u00fablicos na Pra\u00e7a Pioneiro Francisco Alves Toledo, no Parque Residencial Patr\u00edcia, contemplando-a com projeto de paisagismo, parque infantil, ilumina\u00e7\u00e3o em LED, Academia da Terceira Idade, bancos e mesas, al\u00e9m de outras melhorias ou equipamentos que se mostrarem apropriados e convenientes. Em caso positivo, decline a data prevista para essa finalidade, e, em caso negativo, decline os motivos.","indexacao":"","observacao":"","resultado":"","texto_original":"http://sapl.cmm.pr.gov.br/media/sapl/public/materialegislativa/2025/56640/25245req.pdf","data_ultima_atualizacao":"2025-03-18T10:12:51.435197-03:00","ip":"192.168.1.120","ultima_edicao":"2025-02-06T09:15:30.652652-03:00","tipo":3,"regime_tramitacao":1,"tipo_origem_externa":null,"local_origem_externa":null,"user":38,"anexadas":[],"autores":[105]}