{"id":59411,"__str__":"Requerimento n\u00ba 830 de 2025","metadata":{},"numero":830,"ano":2025,"numero_protocolo":null,"data_apresentacao":"2025-04-04","tipo_apresentacao":"","data_publicacao":null,"numero_origem_externa":"","ano_origem_externa":null,"data_origem_externa":null,"apelido":"","dias_prazo":null,"data_fim_prazo":null,"em_tramitacao":true,"polemica":false,"objeto":"","complementar":false,"ementa":"Solicita ao prefeito que informe a esta Casa de Leis, para fins de esclarecimento p\u00fablico, se h\u00e1 possibilidade de determinar a implanta\u00e7\u00e3o de um Parque Linear, com parque infantil, Academia da Primeira Idade, pista de caminhada, dentre outros equipamentos de esporte e lazer, na Rua Francisco Dias de Aro, no Jardim Paulista, ao lado do gin\u00e1sio de esportes. Em caso positivo, decline a data prevista para essa finalidade, e, em caso negativo, decline os motivos.","indexacao":"","observacao":"","resultado":"","texto_original":"http://sapl.cmm.pr.gov.br/media/sapl/public/materialegislativa/2025/59411/25830req.pdf","data_ultima_atualizacao":"2025-08-05T09:45:52.415400-03:00","ip":"192.168.1.121","ultima_edicao":"2025-05-30T08:55:02.018891-03:00","tipo":3,"regime_tramitacao":1,"tipo_origem_externa":null,"local_origem_externa":null,"user":60,"anexadas":[],"autores":[176]}