{"id":60485,"__str__":"Portaria n\u00ba 314 de 2025","link_detail_backend":"/materia/60485","metadata":{},"numero":314,"ano":2025,"numero_protocolo":null,"data_apresentacao":"2025-07-15","tipo_apresentacao":"E","data_publicacao":"2025-07-18","numero_origem_externa":"","ano_origem_externa":null,"data_origem_externa":null,"apelido":"","dias_prazo":null,"data_fim_prazo":null,"em_tramitacao":true,"polemica":false,"objeto":"","complementar":false,"ementa":"OFICIALIZAR a licen\u00e7a concedida \u00e0 servidora Dejanira Dias dos Santos, portadora da matr\u00edcula funcional n. 2151, por motivo de doen\u00e7a em pessoa da fam\u00edlia, por 03 (tr\u00eas) dias, no per\u00edodo de 09/07/2025 a 11/07/2025, em conformidade com o artigo 122 da Lei Complementar n. 239/98.","indexacao":"","observacao":"Di\u00e1rio oficial n\u00ba 4636/2025","resultado":"","texto_original":"http://sapl.cmm.pr.gov.br/media/sapl/public/materialegislativa/2025/60485/25314port.pdf","data_ultima_atualizacao":"2025-07-21T09:18:02.533601-03:00","ip":"192.168.1.120","ultima_edicao":"2025-07-21T09:18:01.887753-03:00","tipo":12,"regime_tramitacao":1,"tipo_origem_externa":null,"local_origem_externa":null,"user":38,"anexadas":[],"autores":[56]}