{"id":61938,"__str__":"Requerimento n\u00ba 1859 de 2025","metadata":{},"numero":1859,"ano":2025,"numero_protocolo":null,"data_apresentacao":"2025-09-19","tipo_apresentacao":"","data_publicacao":null,"numero_origem_externa":"","ano_origem_externa":null,"data_origem_externa":null,"apelido":"","dias_prazo":null,"data_fim_prazo":null,"em_tramitacao":false,"polemica":false,"objeto":"","complementar":false,"ementa":"Solicita ao prefeito que informe a esta Casa de Leis, para fins de esclarecimento p\u00fablico, se h\u00e1 possibilidade de determinar a remo\u00e7\u00e3o de dois pontos de parada do transporte coletivo localizados em ambos os lados da Avenida Petr\u00f4nio Portela, nas proximidades do n. 436; ou, caso a retirada n\u00e3o seja vi\u00e1vel, a substitui\u00e7\u00e3o por abrigos que atendam ao padr\u00e3o atual adotado pela Municipalidade. Em caso positivo, decline a data prevista para a essa finalidade, e, em caso negativo, decline os motivos.","indexacao":"","observacao":"","resultado":"","texto_original":"http://sapl.cmm.pr.gov.br/media/sapl/public/materialegislativa/2025/61938/251859req.pdf","data_ultima_atualizacao":"2025-11-05T14:19:51.142135-03:00","ip":"192.168.1.121","ultima_edicao":"2025-09-23T15:30:08.613198-03:00","tipo":3,"regime_tramitacao":1,"tipo_origem_externa":null,"local_origem_externa":null,"user":60,"anexadas":[],"autores":[93]}