{"id":63758,"__str__":"Indica\u00e7\u00e3o n\u00ba 6055 de 2025","link_detail_backend":"/materia/63758","metadata":{},"numero":6055,"ano":2025,"numero_protocolo":null,"data_apresentacao":"2025-12-15","tipo_apresentacao":"","data_publicacao":null,"numero_origem_externa":"","ano_origem_externa":null,"data_origem_externa":null,"apelido":"","dias_prazo":null,"data_fim_prazo":null,"em_tramitacao":false,"polemica":false,"objeto":"","complementar":false,"ementa":"Indica ao prefeito que determine a disponibiliza\u00e7\u00e3o de cadeiras e mesas para uso da comunidade nas seguintes unidades: Centro Comunit\u00e1rio Cidade Can\u00e7\u00e3o - R. Pioneiro Paschoal Locatelli     s/n    Bairro: Conj. Res. Jo\u00e3o de Barro Cidade Can\u00e7\u00e3o; Sal\u00e3o Comunit\u00e1rio Sanenge III - R. Vereador Ayres Aniceto de Andrade, n\u00ba 790   Bairro: Conjunto Habitacional Sanenge III; Centro Comunit\u00e1rio Vila Vardelina - R. Caqui  Bairro: Vila Vardelina;  Sal\u00e3o Comunit\u00e1rio Porto Seguro -  Rua Augostinho Franco da Rocha   n. 79     Bairro: Conj. Porto Seguro.","indexacao":"","observacao":"","resultado":"","texto_original":"http://sapl.cmm.pr.gov.br/media/sapl/public/materialegislativa/2025/63758/256055ind.pdf","data_ultima_atualizacao":"2026-02-03T14:55:25.625644-03:00","ip":"177.69.95.136","ultima_edicao":"2026-02-03T14:52:36.892538-03:00","tipo":8,"regime_tramitacao":1,"tipo_origem_externa":null,"local_origem_externa":null,"user":60,"anexadas":[],"autores":[176]}