{"id":64708,"__str__":"Portaria n\u00ba 108 de 2026","metadata":{},"numero":108,"ano":2026,"numero_protocolo":null,"data_apresentacao":"2026-03-05","tipo_apresentacao":"","data_publicacao":"2026-03-09","numero_origem_externa":"","ano_origem_externa":null,"data_origem_externa":null,"apelido":"","dias_prazo":null,"data_fim_prazo":null,"em_tramitacao":false,"polemica":false,"objeto":"","complementar":false,"ementa":"OFICIALIZA a licen\u00e7a concedida \u00e0 servidora Alline Viana Pereira, portadora da matr\u00edcula funcional n. 5777, por motivo de doen\u00e7a em pessoa da fam\u00edlia, por 02 (dois) dias, no per\u00edodo de 26/02/2026 a 27/02/2026, em conformidade com o artigo 122 da Lei Complementar n. 239/98, deferida pelo Setor de Sa\u00fade Ocupacional do Munic\u00edpio.","indexacao":"","observacao":"Di\u00e1rio oficial n. 4792/2026","resultado":"","texto_original":"http://sapl.cmm.pr.gov.br/media/sapl/public/materialegislativa/2026/64708/26108port.pdf","data_ultima_atualizacao":"2026-03-12T09:02:30.548896-03:00","ip":"177.69.95.136","ultima_edicao":"2026-03-12T09:02:29.763992-03:00","tipo":12,"regime_tramitacao":1,"tipo_origem_externa":null,"local_origem_externa":null,"user":38,"anexadas":[],"autores":[56]}