{"id":64762,"__str__":"Portaria n\u00ba 119 de 2026","metadata":{},"numero":119,"ano":2026,"numero_protocolo":null,"data_apresentacao":"2026-03-10","tipo_apresentacao":"E","data_publicacao":"2026-03-11","numero_origem_externa":"","ano_origem_externa":null,"data_origem_externa":null,"apelido":"","dias_prazo":null,"data_fim_prazo":null,"em_tramitacao":false,"polemica":false,"objeto":"","complementar":false,"ementa":"OFICIALIZAR a licen\u00e7a concedida \u00e0 servidora Alline Viana Pereira, matr\u00edcula 5777,\r\npara tratamento de sa\u00fade, por 14 (catorze) dias, no per\u00edodo de 09/03/2026 a 22/03/2026, em conformidade\r\ncom o inciso II do artigo 101, da Lei Complementar n. 239/98, deferida pelo Setor de Sa\u00fade Ocupacional\r\ndo Munic\u00edpio.","indexacao":"","observacao":"Di\u00e1rio oficial n. 4794/2026","resultado":"","texto_original":"http://sapl.cmm.pr.gov.br/media/sapl/public/materialegislativa/2026/64762/26119port.pdf","data_ultima_atualizacao":"2026-03-12T09:22:21.244861-03:00","ip":"177.69.95.136","ultima_edicao":"2026-03-12T09:22:20.523004-03:00","tipo":12,"regime_tramitacao":1,"tipo_origem_externa":null,"local_origem_externa":null,"user":38,"anexadas":[],"autores":[56]}