{"id":65038,"__str__":"Requerimento n\u00ba 169 de 2026","link_detail_backend":"/materia/65038","metadata":{},"numero":169,"ano":2026,"numero_protocolo":null,"data_apresentacao":"2026-03-23","tipo_apresentacao":"","data_publicacao":null,"numero_origem_externa":"","ano_origem_externa":null,"data_origem_externa":null,"apelido":"","dias_prazo":null,"data_fim_prazo":null,"em_tramitacao":true,"polemica":false,"objeto":"","complementar":false,"ementa":"Solicita ao prefeito que encaminhe a esta Casa de Leis, para fins de esclarecimento p\u00fablico, as seguintes informa\u00e7\u00f5es relativas aos Agentes Comunit\u00e1rios de Sa\u00fade vinculados \u00e0 Estrat\u00e9gia Sa\u00fade da Fam\u00edlia no Munic\u00edpio de Maring\u00e1: 1 - quais s\u00e3o os crit\u00e9rios t\u00e9cnicos e administrativos utilizados pela Secretaria Municipal de Sa\u00fade para defini\u00e7\u00e3o da lota\u00e7\u00e3o e \u00e1rea de atua\u00e7\u00e3o dos Agentes Comunit\u00e1rios de Sa\u00fade, especialmente quanto \u00e0 vincula\u00e7\u00e3o territorial e n\u00famero de fam\u00edlias acompanhadas por agente. 2 - se o n\u00famero atual de Agentes Comunit\u00e1rios de Sa\u00fade \u00e9 considerado suficiente para atender \u00e0 demanda do Munic\u00edpio, bem como se este quantitativo est\u00e1 adequado em rela\u00e7\u00e3o ao n\u00famero ideal preconizado pelo Minist\u00e9rio da Sa\u00fade. Em caso negativo, informar: a) estimativa de d\u00e9ficit; b) regi\u00f5es ou UBS mais afetadas (continua no requerimento anexo).","indexacao":"","observacao":"","resultado":"","texto_original":"http://sapl.cmm.pr.gov.br/media/sapl/public/materialegislativa/2026/65038/26169req.pdf","data_ultima_atualizacao":"2026-04-07T10:17:03.041354-03:00","ip":"177.69.95.136","ultima_edicao":"2026-03-26T14:35:37.652428-03:00","tipo":3,"regime_tramitacao":1,"tipo_origem_externa":null,"local_origem_externa":null,"user":60,"anexadas":[],"autores":[18]}