{"id":65170,"__str__":"Portaria n\u00ba 170 de 2026","metadata":{},"numero":170,"ano":2026,"numero_protocolo":null,"data_apresentacao":"2026-03-31","tipo_apresentacao":"E","data_publicacao":"2026-04-02","numero_origem_externa":"","ano_origem_externa":null,"data_origem_externa":null,"apelido":"","dias_prazo":null,"data_fim_prazo":null,"em_tramitacao":false,"polemica":false,"objeto":"","complementar":false,"ementa":"OFICIALIZAR a licen\u00e7a para tratamento de sa\u00fade concedida ao servidor Gen\u00e9sio Luiz\r\nFurlan J\u00fanior, matr\u00edcula 2157, por 12 (doze) dias, no per\u00edodo de 30/03/2026 a 10/04/2026, em\r\nconformidade com o inciso II do artigo 101, da Lei Complementar n. 239/98, deferida pelo Setor de Sa\u00fade\r\nOcupacional do Munic\u00edpio.","indexacao":"","observacao":"Di\u00e1rio oficial n. 4811/2026","resultado":"","texto_original":"http://sapl.cmm.pr.gov.br/media/sapl/public/materialegislativa/2026/65170/26170port.pdf","data_ultima_atualizacao":"2026-04-06T09:08:24.733712-03:00","ip":"177.69.95.136","ultima_edicao":"2026-04-06T09:08:23.827136-03:00","tipo":12,"regime_tramitacao":1,"tipo_origem_externa":null,"local_origem_externa":null,"user":38,"anexadas":[],"autores":[56]}