{"id":65216,"__str__":"Requerimento n\u00ba 93 de 2026","metadata":{},"numero":93,"ano":2026,"numero_protocolo":null,"data_apresentacao":"2026-02-20","tipo_apresentacao":"","data_publicacao":null,"numero_origem_externa":"","ano_origem_externa":null,"data_origem_externa":null,"apelido":"","dias_prazo":null,"data_fim_prazo":null,"em_tramitacao":true,"polemica":false,"objeto":"","complementar":false,"ementa":"Solicita ao prefeito que informe a esta Casa de Leis, para fins de esclarecimento p\u00fablico, o quanto segue: I - por qual motivo em alguns Centros Municipais de Educa\u00e7\u00e3o Infantil (CMEIs) os aparelhos de ar-condicionado encontram-se inoperantes; II - se a Secretaria competente tem conhecimento dos relatos de pais e servidores quanto \u00e0 aus\u00eancia de provid\u00eancias efetivas para solucionar o problema; III - se houve registro de furtos de fia\u00e7\u00e3o el\u00e9trica nas unidades mencionadas e quais medidas foram adotadas para reparar os danos e refor\u00e7ar a seguran\u00e7a patrimonial; IV - quais provid\u00eancias est\u00e3o sendo adotadas, de forma imediata e definitiva, para garantir o pleno funcionamento dos aparelhos de ar-condicionado nas unidades afetadas.","indexacao":"","observacao":"","resultado":"","texto_original":"http://sapl.cmm.pr.gov.br/media/sapl/public/materialegislativa/2026/65216/2693req.pdf","data_ultima_atualizacao":"2026-04-16T09:26:59.584331-03:00","ip":"177.69.95.136","ultima_edicao":"2026-04-07T14:19:49.928833-03:00","tipo":3,"regime_tramitacao":1,"tipo_origem_externa":null,"local_origem_externa":null,"user":60,"anexadas":[],"autores":[184]}