{"id":66289,"__str__":"Requerimento n\u00ba 344 de 2026","link_detail_backend":"/materia/66289","metadata":{},"numero":344,"ano":2026,"numero_protocolo":null,"data_apresentacao":"2026-06-29","tipo_apresentacao":"E","data_publicacao":null,"numero_origem_externa":"","ano_origem_externa":null,"data_origem_externa":null,"apelido":"","dias_prazo":null,"data_fim_prazo":null,"em_tramitacao":true,"polemica":false,"objeto":"","complementar":false,"ementa":"Solicita ao Prefeito Municipal, que informe a esta Casa de Leis, para fins de esclarecimento p\u00fablico, se h\u00e1 previs\u00e3o para a adequa\u00e7\u00e3o do n\u00edvel salarial GF6 dos guardas patrimoniais, bem como se a readequa\u00e7\u00e3o salarial ser\u00e1 realizada por meio de medida administrativa direta ou se a demanda ser\u00e1 tratada e regulamentada dentro do novo estatuto da categoria, tendo em vista que a defini\u00e7\u00e3o e o esclarecimento deste panorama s\u00e3o fundamentais para que os servidores possam acompanhar a evolu\u00e7\u00e3o de suas carreiras e para que este planejamento ocorra de forma transparente.","indexacao":"","observacao":"","resultado":"","texto_original":"http://sapl.cmm.pr.gov.br/media/sapl/public/materialegislativa/2026/66289/26344req.pdf","data_ultima_atualizacao":"2026-07-07T09:58:57.021200-03:00","ip":"177.69.95.136","ultima_edicao":"2026-06-30T11:59:44.747502-03:00","tipo":3,"regime_tramitacao":1,"tipo_origem_externa":null,"local_origem_externa":null,"user":38,"anexadas":[],"autores":[95]}