{"id":108282,"__str__":"Projeto de Lei Complementar n\u00ba 2193 de 2023 | Inclu\u00eddo na Ordem do Dia em terceira discuss\u00e3o - RF | 14/04/2023","metadata":{},"timestamp":"2023-04-14T17:34:45.253367-03:00","data_tramitacao":"2023-04-14","data_encaminhamento":"2023-04-18","urgente":false,"turno":"L","texto":"Inclu\u00eddo em terceira discuss\u00e3o na sess\u00e3o de 18/04/2023","data_fim_prazo":null,"ip":"192.168.1.123","ultima_edicao":"2023-04-14T17:31:00.530557-03:00","status":19,"materia":48562,"unidade_tramitacao_local":10,"unidade_tramitacao_destino":11,"user":36}