{"id":109600,"__str__":"Requerimento n\u00ba 772 de 2023 | Inclu\u00eddo na Ordem do Dia em discuss\u00e3o \u00fanica | 12/06/2023","link_detail_backend":"/materia/tramitacao/109600","metadata":{},"timestamp":"2023-06-12T19:04:46.448571-03:00","data_tramitacao":"2023-06-12","data_encaminhamento":"2023-06-13","urgente":false,"turno":"U","texto":"Inclu\u00eddo em discuss\u00e3o \u00fanica na sess\u00e3o de 13/06/2023","data_fim_prazo":null,"ip":"192.168.1.123","ultima_edicao":"2023-06-12T19:02:04.807702-03:00","status":20,"materia":50096,"unidade_tramitacao_local":10,"unidade_tramitacao_destino":11,"user":36}