{"id":111281,"__str__":"Requerimento n\u00ba 1097 de 2023 | Aprovado em discuss\u00e3o \u00fanica | 22/08/2023","metadata":{},"timestamp":"2023-08-22T11:49:33.976503-03:00","data_tramitacao":"2023-08-22","data_encaminhamento":"2023-08-22","urgente":false,"turno":"U","texto":"Aprovado em discuss\u00e3o \u00fanica na sess\u00e3o de 22/08/2023","data_fim_prazo":null,"ip":"192.168.1.123","ultima_edicao":"2023-08-22T11:49:22.680117-03:00","status":16,"materia":50646,"unidade_tramitacao_local":11,"unidade_tramitacao_destino":10,"user":36}