{"id":111453,"__str__":"Projeto de Lei Ordin\u00e1ria n\u00ba 16667 de 2023 | Inclu\u00eddo na Ordem do Dia em segunda discuss\u00e3o | 28/08/2023","metadata":{},"timestamp":"2023-08-28T16:28:51.026789-03:00","data_tramitacao":"2023-08-28","data_encaminhamento":"2023-08-29","urgente":false,"turno":"S","texto":"Inclu\u00eddo em segunda discuss\u00e3o na sess\u00e3o de 29/08/2023","data_fim_prazo":null,"ip":"192.168.1.123","ultima_edicao":"2023-08-28T16:28:37.527732-03:00","status":18,"materia":49476,"unidade_tramitacao_local":10,"unidade_tramitacao_destino":11,"user":36}