{"id":111771,"__str__":"Requerimento n\u00ba 1276 de 2023 | Inclu\u00eddo na Ordem do Dia em discuss\u00e3o \u00fanica | 11/09/2023","link_detail_backend":"/materia/tramitacao/111771","metadata":{},"timestamp":"2023-09-11T17:19:08.210832-03:00","data_tramitacao":"2023-09-11","data_encaminhamento":"2023-09-12","urgente":false,"turno":"U","texto":"Inclu\u00eddo em discuss\u00e3o \u00fanica na sess\u00e3o de 12/09/2023","data_fim_prazo":null,"ip":"192.168.1.123","ultima_edicao":"2023-09-11T17:18:28.520710-03:00","status":20,"materia":50906,"unidade_tramitacao_local":10,"unidade_tramitacao_destino":11,"user":36}